{"id":233,"date":"2015-01-09T09:49:36","date_gmt":"2015-01-09T08:49:36","guid":{"rendered":"http:\/\/auteur-ecrivain.marhic.fr\/?p=233"},"modified":"2019-07-16T10:49:56","modified_gmt":"2019-07-16T08:49:56","slug":"charlie","status":"publish","type":"post","link":"https:\/\/auteur-ecrivain.marhic.fr\/index.php\/2015\/01\/09\/charlie\/","title":{"rendered":"J&rsquo;affiche ma col\u00e8re"},"content":{"rendered":"<p><a href=\"http:\/\/auteur-ecrivain.marhic.fr\/wp-content\/uploads\/2019\/01\/je_suis_charlie.jpg\"><img loading=\"lazy\" decoding=\"async\" class=\"aligncenter wp-image-234 size-medium\" src=\"http:\/\/auteur-ecrivain.marhic.fr\/wp-content\/uploads\/2019\/01\/je_suis_charlie-300x300.jpg\" alt=\"Je suis Charlie\" width=\"300\" height=\"300\" srcset=\"https:\/\/auteur-ecrivain.marhic.fr\/wp-content\/uploads\/2019\/01\/je_suis_charlie-300x300.jpg 300w, https:\/\/auteur-ecrivain.marhic.fr\/wp-content\/uploads\/2019\/01\/je_suis_charlie-150x150.jpg 150w, https:\/\/auteur-ecrivain.marhic.fr\/wp-content\/uploads\/2019\/01\/je_suis_charlie-768x768.jpg 768w, https:\/\/auteur-ecrivain.marhic.fr\/wp-content\/uploads\/2019\/01\/je_suis_charlie.jpg 900w\" sizes=\"auto, (max-width: 300px) 100vw, 300px\" \/><\/a><\/p>\n<p style=\"text-align: justify;\"><strong>J\u2019<\/strong>affiche le \u201cJe suis Charlie\u201d.<\/p>\n<p style=\"text-align: justify;\">Ce n\u2019est pas honn\u00eate\u00a0: je ne suis pas <em>Charlie Hebdo<\/em>. Par contre, j\u2019ai \u00e9t\u00e9 un peu \u2013 <a href=\"http:\/\/marhic.fr\/articles-floril%C3%A8ge.htm\" target=\"_blank\" rel=\"noopener noreferrer\">un tout petit peu<\/a> \u2013 de ce journal. En 1996, ma rencontre avec Xavier Pasquini \u2013 il s\u2019agissait alors de protester contre la venue du pape Jean-Paul II en France \u2013, m\u2019avait ouvert les colonnes de l\u2019hebdomadaire.<\/p>\n<p style=\"text-align: justify;\">Et puis <em>Charlie<\/em> m\u2019avait sollicit\u00e9 sur la question d\u2019un certain terrorisme, d\u00e9j\u00e0. Alors j\u2019ai enqu\u00eat\u00e9, \u00e9crit, publi\u00e9, pour le journal, au temps o\u00f9 l\u2019investigation tenait grand place dans ses colonnes. Je n\u2019ai pas rencontr\u00e9 Charb \u2013 un autre avait alors en charge la r\u00e9daction \u2013, mais le portrait que m\u2019en ont dress\u00e9 les collaborateurs du journal me l\u2019ont fait concevoir comme le prototype de \u201cl\u2019homme honn\u00eate\u201d (comprenne qui sait). Pour moi, ses meilleurs dessins resteront \u00e0 jamais ceux de ces beaux d\u00e9prim\u00e9s \u2013 victimes du temps qui va\u00a0\u2013 qu\u2019il donnait \u00e0 voir mieux que tout autre.<\/p>\n<p style=\"text-align: justify;\">J\u2019affiche le \u201cJe suis Charlie\u201d.<\/p>\n<p style=\"text-align: justify;\">Mais surtout, j\u2019affiche ma col\u00e8re.<\/p>\n<p style=\"text-align: justify;\">Parce que je sais que, une fois de plus, le religieux a tu\u00e9. Et que l\u2019\u201cunion nationale\u201d n\u2019y peut rien changer\u00a0: de Nicolas Sarkozy \u00e0 Fran\u00e7ois Hollande, nos plus r\u00e9cents dirigeants n\u2019ont eu de cesse d\u2019amoindrir la la\u00efcit\u00e9 et la <a href=\"http:\/\/www.legifrance.gouv.fr\/affichTexte.do?cidTexte=JORFTEXT000000508749\">loi de s\u00e9paration de l\u2019\u00c9glise et de l\u2019\u00c9tat<\/a>. Pourtant, ils ne l\u2019ignoraient pas\u00a0: la religion jadis dominante, le catholicisme, ne fut jamais soluble dans la R\u00e9publique. (Non, c\u2019est la loi de 1905 qui permit la \u201cdissolution\u201d.)\u00a0 De m\u00eame, ces obscurantismes prot\u00e9iformes \u2013 qu\u2019on leur accole ou pas le qualificatif\u00a0 \u201cislam\u201d \u2013 ne peuvent aujourd\u2019hui \u2013 intrins\u00e8quement \u2013 se r\u00e9soudre au vivre ensemble r\u00e9publicain.<\/p>\n<p style=\"text-align: justify;\">J\u2019affiche ma col\u00e8re.<\/p>\n<p style=\"text-align: justify;\">Parce que je sais que ceux qui sont morts n\u2019\u00e9taient pas dupes du \u201c<em>ich bin ein Berliner<\/em>\u201d de la guerre froide et encore moins du \u201c<em>nous sommes tous des Am\u00e9ricains<\/em>\u201d post 11 septembre 2001.<\/p>\n<p style=\"text-align: justify;\">Parce que au milieu du torrent de larmes de circonstance, je n\u2019oublie pas que, aux antipodes de l\u2019humanisme la\u00efque de <em>Charlie<\/em>, les charognards sont l\u00e0, fascistes, racistes et autres s\u00e9curitaires, pr\u00eats \u00e0 engraisser sur les cendres d\u2019un journal qui fut pourtant leur pire ennemi.<\/p>\n<p style=\"text-align: justify;\">J\u2019affiche le \u201cJe suis Charlie\u201d.<\/p>\n<p style=\"text-align: justify;\">J\u2019affiche ma col\u00e8re.<\/p>\n<p style=\"text-align: justify;\"><em>Charlie<\/em> est en moi.<\/p>\n","protected":false},"excerpt":{"rendered":"<p>J\u2019affiche le \u201cJe suis Charlie\u201d. Ce n\u2019est pas honn\u00eate\u00a0: je ne suis pas Charlie Hebdo. Par contre, j\u2019ai \u00e9t\u00e9 un peu \u2013 un tout petit peu \u2013 de ce journal. En 1996, ma rencontre avec Xavier Pasquini \u2013 il s\u2019agissait &hellip; <a href=\"https:\/\/auteur-ecrivain.marhic.fr\/index.php\/2015\/01\/09\/charlie\/\">Continuer la lecture <span class=\"meta-nav\">&rarr;<\/span><\/a><\/p>\n","protected":false},"author":1,"featured_media":0,"comment_status":"open","ping_status":"open","sticky":false,"template":"","format":"standard","meta":{"footnotes":""},"categories":[6],"tags":[8,4,5,10],"class_list":["post-233","post","type-post","status-publish","format-standard","hentry","category-de-la-main-gauche","tag-attentat","tag-charlie-hebdo","tag-laicite","tag-renaud-marhic"],"_links":{"self":[{"href":"https:\/\/auteur-ecrivain.marhic.fr\/index.php\/wp-json\/wp\/v2\/posts\/233","targetHints":{"allow":["GET"]}}],"collection":[{"href":"https:\/\/auteur-ecrivain.marhic.fr\/index.php\/wp-json\/wp\/v2\/posts"}],"about":[{"href":"https:\/\/auteur-ecrivain.marhic.fr\/index.php\/wp-json\/wp\/v2\/types\/post"}],"author":[{"embeddable":true,"href":"https:\/\/auteur-ecrivain.marhic.fr\/index.php\/wp-json\/wp\/v2\/users\/1"}],"replies":[{"embeddable":true,"href":"https:\/\/auteur-ecrivain.marhic.fr\/index.php\/wp-json\/wp\/v2\/comments?post=233"}],"version-history":[{"count":7,"href":"https:\/\/auteur-ecrivain.marhic.fr\/index.php\/wp-json\/wp\/v2\/posts\/233\/revisions"}],"predecessor-version":[{"id":684,"href":"https:\/\/auteur-ecrivain.marhic.fr\/index.php\/wp-json\/wp\/v2\/posts\/233\/revisions\/684"}],"wp:attachment":[{"href":"https:\/\/auteur-ecrivain.marhic.fr\/index.php\/wp-json\/wp\/v2\/media?parent=233"}],"wp:term":[{"taxonomy":"category","embeddable":true,"href":"https:\/\/auteur-ecrivain.marhic.fr\/index.php\/wp-json\/wp\/v2\/categories?post=233"},{"taxonomy":"post_tag","embeddable":true,"href":"https:\/\/auteur-ecrivain.marhic.fr\/index.php\/wp-json\/wp\/v2\/tags?post=233"}],"curies":[{"name":"wp","href":"https:\/\/api.w.org\/{rel}","templated":true}]}}