{"id":237,"date":"2015-11-14T10:14:19","date_gmt":"2015-11-14T09:14:19","guid":{"rendered":"http:\/\/auteur-ecrivain.marhic.fr\/?p=237"},"modified":"2019-01-11T15:40:04","modified_gmt":"2019-01-11T14:40:04","slug":"continuer-malgre-tout","status":"publish","type":"post","link":"https:\/\/auteur-ecrivain.marhic.fr\/index.php\/2015\/11\/14\/continuer-malgre-tout\/","title":{"rendered":"Continuer, malgr\u00e9 tout"},"content":{"rendered":"<p style=\"text-align: center;\"><a href=\"http:\/\/auteur-ecrivain.marhic.fr\/wp-content\/uploads\/2019\/01\/tex_avery_petits_cochons.jpg\"><img loading=\"lazy\" decoding=\"async\" class=\"aligncenter wp-image-238 size-medium\" src=\"http:\/\/auteur-ecrivain.marhic.fr\/wp-content\/uploads\/2019\/01\/tex_avery_petits_cochons-300x223.jpg\" alt=\"Blitz Wolf, Tex Avery, MGM Cartoons 1942\" width=\"300\" height=\"223\" srcset=\"https:\/\/auteur-ecrivain.marhic.fr\/wp-content\/uploads\/2019\/01\/tex_avery_petits_cochons-300x223.jpg 300w, https:\/\/auteur-ecrivain.marhic.fr\/wp-content\/uploads\/2019\/01\/tex_avery_petits_cochons-768x572.jpg 768w, https:\/\/auteur-ecrivain.marhic.fr\/wp-content\/uploads\/2019\/01\/tex_avery_petits_cochons.jpg 822w\" sizes=\"auto, (max-width: 300px) 100vw, 300px\" \/><\/a><span style=\"font-size: 10pt;\"><em>Blitz Wolf<\/em>, Tex Avery, MGM Cartoons 1942<\/span><\/p>\n<p style=\"text-align: justify;\"><strong>P<\/strong>arce ce que continuer \u00e0 faire rire en temps de guerre, c&rsquo;est aussi r\u00e9sister \u00e0 ce que la barbarie obscurantiste voudrait nous imposer&#8230;<\/p>\n<p>&nbsp;<\/p>\n","protected":false},"excerpt":{"rendered":"<p>Blitz Wolf, Tex Avery, MGM Cartoons 1942 Parce ce que continuer \u00e0 faire rire en temps de guerre, c&rsquo;est aussi r\u00e9sister \u00e0 ce que la barbarie obscurantiste voudrait nous imposer&#8230; &nbsp;<\/p>\n","protected":false},"author":1,"featured_media":0,"comment_status":"open","ping_status":"open","sticky":false,"template":"","format":"standard","meta":{"footnotes":""},"categories":[6],"tags":[8,7,10,9],"class_list":["post-237","post","type-post","status-publish","format-standard","hentry","category-de-la-main-gauche","tag-attentat","tag-bataclan","tag-renaud-marhic","tag-tex-avery"],"_links":{"self":[{"href":"https:\/\/auteur-ecrivain.marhic.fr\/index.php\/wp-json\/wp\/v2\/posts\/237","targetHints":{"allow":["GET"]}}],"collection":[{"href":"https:\/\/auteur-ecrivain.marhic.fr\/index.php\/wp-json\/wp\/v2\/posts"}],"about":[{"href":"https:\/\/auteur-ecrivain.marhic.fr\/index.php\/wp-json\/wp\/v2\/types\/post"}],"author":[{"embeddable":true,"href":"https:\/\/auteur-ecrivain.marhic.fr\/index.php\/wp-json\/wp\/v2\/users\/1"}],"replies":[{"embeddable":true,"href":"https:\/\/auteur-ecrivain.marhic.fr\/index.php\/wp-json\/wp\/v2\/comments?post=237"}],"version-history":[{"count":8,"href":"https:\/\/auteur-ecrivain.marhic.fr\/index.php\/wp-json\/wp\/v2\/posts\/237\/revisions"}],"predecessor-version":[{"id":481,"href":"https:\/\/auteur-ecrivain.marhic.fr\/index.php\/wp-json\/wp\/v2\/posts\/237\/revisions\/481"}],"wp:attachment":[{"href":"https:\/\/auteur-ecrivain.marhic.fr\/index.php\/wp-json\/wp\/v2\/media?parent=237"}],"wp:term":[{"taxonomy":"category","embeddable":true,"href":"https:\/\/auteur-ecrivain.marhic.fr\/index.php\/wp-json\/wp\/v2\/categories?post=237"},{"taxonomy":"post_tag","embeddable":true,"href":"https:\/\/auteur-ecrivain.marhic.fr\/index.php\/wp-json\/wp\/v2\/tags?post=237"}],"curies":[{"name":"wp","href":"https:\/\/api.w.org\/{rel}","templated":true}]}}