{"id":242,"date":"2011-01-02T11:13:40","date_gmt":"2011-01-02T10:13:40","guid":{"rendered":"http:\/\/auteur-ecrivain.marhic.fr\/?p=242"},"modified":"2019-01-08T22:08:17","modified_gmt":"2019-01-08T21:08:17","slug":"eschatologie-litteraire","status":"publish","type":"post","link":"https:\/\/auteur-ecrivain.marhic.fr\/index.php\/2011\/01\/02\/eschatologie-litteraire\/","title":{"rendered":"Eschatologie litt\u00e9raire"},"content":{"rendered":"<p style=\"text-align: justify;\"><strong>E<\/strong>nfants, nous inventions des monstres. Abreuv\u00e9s de comic-strips, nous aimions \u00e0 les barder d\u2019\u00e9cailles, de cornes, et de fumerolles. Tout \u00e0 nos manipulations d\u00e9miurgiques, nous n\u2019avons pas vu venir des mutants d\u2019une autre trempe. Alors ils sont arriv\u00e9s, les ARTISTES SANS ARTS, z\u00e9lateurs terrible de la LITT\u00c9RATURE SANS ESTOMAC\u2026 Puisque voici venu les temps de SODOME ET GRAMMAIRE, n\u2019ayons plus peur de nommer ce qui doit l\u2019\u00eatre. Osons. Oui, osons l\u2019ESCHATOLOGIE LITT\u00c9RAIRE\u2026<\/p>\n<p style=\"text-align: center;\"><a href=\"http:\/\/auteur-ecrivain.marhic.fr\/wp-content\/uploads\/2019\/01\/eschatologie-litteraire_rondes_des_anes.jpg\"><img loading=\"lazy\" decoding=\"async\" class=\"wp-image-243 size-medium aligncenter\" src=\"http:\/\/auteur-ecrivain.marhic.fr\/wp-content\/uploads\/2019\/01\/eschatologie-litteraire_rondes_des_anes-300x173.jpg\" alt=\"Eschatologie litt\u00e9raire : la rondes des \u00e2nes\" width=\"300\" height=\"173\" srcset=\"https:\/\/auteur-ecrivain.marhic.fr\/wp-content\/uploads\/2019\/01\/eschatologie-litteraire_rondes_des_anes-300x173.jpg 300w, https:\/\/auteur-ecrivain.marhic.fr\/wp-content\/uploads\/2019\/01\/eschatologie-litteraire_rondes_des_anes.jpg 607w\" sizes=\"auto, (max-width: 300px) 100vw, 300px\" \/><\/a><span style=\"font-size: 10pt;\">Anonyme XVIII<sup>e<\/sup>, BNF<\/span><\/p>\n","protected":false},"excerpt":{"rendered":"<p>Enfants, nous inventions des monstres. Abreuv\u00e9s de comic-strips, nous aimions \u00e0 les barder d\u2019\u00e9cailles, de cornes, et de fumerolles. Tout \u00e0 nos manipulations d\u00e9miurgiques, nous n\u2019avons pas vu venir des mutants d\u2019une autre trempe. Alors ils sont arriv\u00e9s, les ARTISTES &hellip; <a href=\"https:\/\/auteur-ecrivain.marhic.fr\/index.php\/2011\/01\/02\/eschatologie-litteraire\/\">Continuer la lecture <span class=\"meta-nav\">&rarr;<\/span><\/a><\/p>\n","protected":false},"author":1,"featured_media":0,"comment_status":"open","ping_status":"open","sticky":false,"template":"","format":"standard","meta":{"footnotes":""},"categories":[11],"tags":[18,15,16,10,17],"class_list":["post-242","post","type-post","status-publish","format-standard","hentry","category-eschatologie-litteraire","tag-artistes-sans-arts","tag-eschatologie-litteraire","tag-litterature-sans-estomac","tag-renaud-marhic","tag-sodome-et-grammaire"],"_links":{"self":[{"href":"https:\/\/auteur-ecrivain.marhic.fr\/index.php\/wp-json\/wp\/v2\/posts\/242","targetHints":{"allow":["GET"]}}],"collection":[{"href":"https:\/\/auteur-ecrivain.marhic.fr\/index.php\/wp-json\/wp\/v2\/posts"}],"about":[{"href":"https:\/\/auteur-ecrivain.marhic.fr\/index.php\/wp-json\/wp\/v2\/types\/post"}],"author":[{"embeddable":true,"href":"https:\/\/auteur-ecrivain.marhic.fr\/index.php\/wp-json\/wp\/v2\/users\/1"}],"replies":[{"embeddable":true,"href":"https:\/\/auteur-ecrivain.marhic.fr\/index.php\/wp-json\/wp\/v2\/comments?post=242"}],"version-history":[{"count":9,"href":"https:\/\/auteur-ecrivain.marhic.fr\/index.php\/wp-json\/wp\/v2\/posts\/242\/revisions"}],"predecessor-version":[{"id":306,"href":"https:\/\/auteur-ecrivain.marhic.fr\/index.php\/wp-json\/wp\/v2\/posts\/242\/revisions\/306"}],"wp:attachment":[{"href":"https:\/\/auteur-ecrivain.marhic.fr\/index.php\/wp-json\/wp\/v2\/media?parent=242"}],"wp:term":[{"taxonomy":"category","embeddable":true,"href":"https:\/\/auteur-ecrivain.marhic.fr\/index.php\/wp-json\/wp\/v2\/categories?post=242"},{"taxonomy":"post_tag","embeddable":true,"href":"https:\/\/auteur-ecrivain.marhic.fr\/index.php\/wp-json\/wp\/v2\/tags?post=242"}],"curies":[{"name":"wp","href":"https:\/\/api.w.org\/{rel}","templated":true}]}}