{"id":309,"date":"2014-01-23T09:31:18","date_gmt":"2014-01-23T08:31:18","guid":{"rendered":"http:\/\/auteur-ecrivain.marhic.fr\/?p=309"},"modified":"2021-02-23T12:31:04","modified_gmt":"2021-02-23T11:31:04","slug":"dieudonne-cest-la-faute-a-qui-en-parle","status":"publish","type":"post","link":"https:\/\/auteur-ecrivain.marhic.fr\/index.php\/2014\/01\/23\/dieudonne-cest-la-faute-a-qui-en-parle\/","title":{"rendered":"\u00ab\u00a0Dieudonn\u00e9 : \u201cC&rsquo;est la faute \u00e0 qui en parle&#8230;\u201d\u00a0\u00bb"},"content":{"rendered":"<p style=\"text-align: justify;\"><strong>E<\/strong>n 2003 \u2013 journaliste d\u2019investigation \u2013 j\u2019apprenais l\u2019entr\u00e9e en d\u00e9lire du \u201csympathique\u201d Dieudonn\u00e9\u2026 Il fallait \u00e0 l\u2019\u00e9poque des publications confidentielles comme Amnistia.net pour dire \u00e0 quel point le roi \u00e9tait nu\u2026 Et d\u00e9j\u00e0, le ch\u0153ur du \u201cpublic \u00e0 Dieudo\u201d : \u201cOn est pas fachos, hein\u2026 C\u2019est rien que pour la d\u00e9conne\u2026\u201d<\/p>\n<p style=\"text-align: justify;\">Dix ans plus tard, de grands esprits nous l\u2019expliquent : l\u2019antis\u00e9mitisme devenu pens\u00e9e ordinaire du vieux frontiste rassis comme du jeune contestataire anti-syst\u00e8me, c\u2019est la faute \u00e0 qui en parle\u2026<\/p>\n<p style=\"text-align: justify;\">Depuis pourtant\u2026<\/p>\n<p style=\"text-align: justify;\">Dieudonn\u00e9 appelant \u00e0 voter FN pour \u201cmettre la pr\u00e9sidentielle sous \u00e9lectrochoc\u201d\u2026<\/p>\n<p style=\"text-align: justify;\">Dieudonn\u00e9 faisant de Jean-Marie Le Pen le parrain de sa fille\u2026<\/p>\n<p style=\"text-align: justify;\">Dieudonn\u00e9 faisant baptiser son enfant par l\u2019ancien cur\u00e9 du bastion int\u00e9griste Saint-Nicolas-du-Chardonnay\u2026<\/p>\n<p style=\"text-align: justify;\">Dieudonn\u00e9 en communion d\u2019esprit avec Serge Ayoub, alias Batskin, figure du mouvement skinhead et militant d\u2019extr\u00eame-droite de toujours\u2026<\/p>\n<p style=\"text-align: justify;\">Et toujours le ch\u0153ur dieudonniste : \u201cOn est pas fachoooo ! On est pas fachoooo ! On n\u2019est paaaas ! paaaas ! On est pas fachoooo !\u201d<\/p>\n<p style=\"text-align: justify;\">Mais silence ! Les grands esprits l\u2019ont dit : taisons-nous, c\u2019est la meilleure chose \u00e0 faire\u2026<\/p>\n<p style=\"text-align: justify;\">Hommage, alors, \u00e0 ceux qui l\u2019ouvrent. Qui \u2013 bien que ce ne soient pas leur m\u00e9tier \u2013 informent, \u00e9clairent :<\/p>\n<p style=\"text-align: justify;\"><a href=\"https:\/\/nouveaupartianticapitaliste.org\/actualite\/antiracisme\/black-blanc-beur-le-racisme-na-pas-de-couleur\" target=\"_blank\" rel=\"noopener\"><em>BLACK, BLANC, BEUR, LE RACISME N\u2019A PAS DE COULEUR ! A l\u2019occasion de la venue de Dieudonn\u00e9 \u00e0 tours le 10 janvier prochain, voici un petit dossier pour ceux qui croient encore qu\u2019il n\u2019est ni antis\u00e9mite ni d\u2019extr\u00eame-droite<\/em><\/a><\/p>\n<p style=\"text-align: justify;\">[Edit 2019 :] Redirection du lien en raison de la disparition du site h\u00e9bergeur d&rsquo;origine : Le Combat Libertaire.<\/p>\n<p><a href=\"http:\/\/auteur-ecrivain.marhic.fr\/wp-content\/uploads\/2014\/01\/dieudonne_le_pen.jpg\"><img loading=\"lazy\" decoding=\"async\" class=\"aligncenter wp-image-505 size-medium\" src=\"http:\/\/auteur-ecrivain.marhic.fr\/wp-content\/uploads\/2014\/01\/dieudonne_le_pen-300x225.jpg\" alt=\"Dieudonn\u00e9 - Le Pen\" width=\"300\" height=\"225\" srcset=\"https:\/\/auteur-ecrivain.marhic.fr\/wp-content\/uploads\/2014\/01\/dieudonne_le_pen-300x225.jpg 300w, https:\/\/auteur-ecrivain.marhic.fr\/wp-content\/uploads\/2014\/01\/dieudonne_le_pen.jpg 480w\" sizes=\"auto, (max-width: 300px) 100vw, 300px\" \/><\/a><\/p>\n","protected":false},"excerpt":{"rendered":"<p>En 2003 \u2013 journaliste d\u2019investigation \u2013 j\u2019apprenais l\u2019entr\u00e9e en d\u00e9lire du \u201csympathique\u201d Dieudonn\u00e9\u2026 Il fallait \u00e0 l\u2019\u00e9poque des publications confidentielles comme Amnistia.net pour dire \u00e0 quel point le roi \u00e9tait nu\u2026 Et d\u00e9j\u00e0, le ch\u0153ur du \u201cpublic \u00e0 Dieudo\u201d : &hellip; <a href=\"https:\/\/auteur-ecrivain.marhic.fr\/index.php\/2014\/01\/23\/dieudonne-cest-la-faute-a-qui-en-parle\/\">Continuer la lecture <span class=\"meta-nav\">&rarr;<\/span><\/a><\/p>\n","protected":false},"author":1,"featured_media":0,"comment_status":"open","ping_status":"open","sticky":false,"template":"","format":"standard","meta":{"footnotes":""},"categories":[6],"tags":[27,25,26,10],"class_list":["post-309","post","type-post","status-publish","format-standard","hentry","category-de-la-main-gauche","tag-antisemitisme","tag-dieudonne","tag-racisme","tag-renaud-marhic"],"_links":{"self":[{"href":"https:\/\/auteur-ecrivain.marhic.fr\/index.php\/wp-json\/wp\/v2\/posts\/309","targetHints":{"allow":["GET"]}}],"collection":[{"href":"https:\/\/auteur-ecrivain.marhic.fr\/index.php\/wp-json\/wp\/v2\/posts"}],"about":[{"href":"https:\/\/auteur-ecrivain.marhic.fr\/index.php\/wp-json\/wp\/v2\/types\/post"}],"author":[{"embeddable":true,"href":"https:\/\/auteur-ecrivain.marhic.fr\/index.php\/wp-json\/wp\/v2\/users\/1"}],"replies":[{"embeddable":true,"href":"https:\/\/auteur-ecrivain.marhic.fr\/index.php\/wp-json\/wp\/v2\/comments?post=309"}],"version-history":[{"count":4,"href":"https:\/\/auteur-ecrivain.marhic.fr\/index.php\/wp-json\/wp\/v2\/posts\/309\/revisions"}],"predecessor-version":[{"id":721,"href":"https:\/\/auteur-ecrivain.marhic.fr\/index.php\/wp-json\/wp\/v2\/posts\/309\/revisions\/721"}],"wp:attachment":[{"href":"https:\/\/auteur-ecrivain.marhic.fr\/index.php\/wp-json\/wp\/v2\/media?parent=309"}],"wp:term":[{"taxonomy":"category","embeddable":true,"href":"https:\/\/auteur-ecrivain.marhic.fr\/index.php\/wp-json\/wp\/v2\/categories?post=309"},{"taxonomy":"post_tag","embeddable":true,"href":"https:\/\/auteur-ecrivain.marhic.fr\/index.php\/wp-json\/wp\/v2\/tags?post=309"}],"curies":[{"name":"wp","href":"https:\/\/api.w.org\/{rel}","templated":true}]}}