{"id":312,"date":"2013-10-01T09:48:33","date_gmt":"2013-10-01T07:48:33","guid":{"rendered":"http:\/\/auteur-ecrivain.marhic.fr\/?p=312"},"modified":"2019-01-12T12:10:25","modified_gmt":"2019-01-12T11:10:25","slug":"la-bataille-de-limaginaire","status":"publish","type":"post","link":"https:\/\/auteur-ecrivain.marhic.fr\/index.php\/2013\/10\/01\/la-bataille-de-limaginaire\/","title":{"rendered":"La bataille de l&rsquo;imaginaire"},"content":{"rendered":"<p style=\"text-align: justify;\"><strong>G<\/strong>\u00e9rer notre imaginaire est un droit. Ne pas l\u2019exercer serait \u00e0 la fois coupable et risqu\u00e9. Parce que, avant tout, la litt\u00e9rature nous constitue en tant qu\u2019\u00eatres humains.<\/p>\n<p style=\"text-align: justify;\">\u00c0 ce titre, les textes dont je suis l\u2019auteur ne rel\u00e8vent pas de la seule distraction (sauf \u00e0 confondre culture et \u201centertainment\u201d).<\/p>\n<p style=\"text-align: justify;\">\u00c0 ce titre, ils ne sauraient \u00eatre tenue pour simple marchandise (sauf \u00e0 tenir notre imaginaire pour march\u00e9).<\/p>\n<p style=\"text-align: justify;\">Au moment de relancer ma litt\u00e9rature \u201c7-77 ans\u201d, j\u2019ai d\u00e9cid\u00e9 de ne pas l\u2019oublier.<\/p>\n<p style=\"text-align: justify;\">Plus que jamais, la bataille de l\u2019imaginaire est engag\u00e9e.<\/p>\n<p style=\"text-align: center;\"><a href=\"http:\/\/auteur-ecrivain.marhic.fr\/wp-content\/uploads\/2013\/10\/supermatou_contre_superman.jpg\"><img loading=\"lazy\" decoding=\"async\" class=\"wp-image-492 size-medium aligncenter\" src=\"http:\/\/auteur-ecrivain.marhic.fr\/wp-content\/uploads\/2013\/10\/supermatou_contre_superman-300x165.jpg\" alt=\"Supermatou contre Superman\" width=\"300\" height=\"165\" srcset=\"https:\/\/auteur-ecrivain.marhic.fr\/wp-content\/uploads\/2013\/10\/supermatou_contre_superman-300x165.jpg 300w, https:\/\/auteur-ecrivain.marhic.fr\/wp-content\/uploads\/2013\/10\/supermatou_contre_superman.jpg 565w\" sizes=\"auto, (max-width: 300px) 100vw, 300px\" \/><\/a><span style=\"font-size: 10pt;\"><em>Supermatou contre Superman<\/em>, Poirier, <em>Pif Gadget<\/em> n\u00b0530, 1979<\/span><\/p>\n<p>&nbsp;<\/p>\n","protected":false},"excerpt":{"rendered":"<p>G\u00e9rer notre imaginaire est un droit. Ne pas l\u2019exercer serait \u00e0 la fois coupable et risqu\u00e9. Parce que, avant tout, la litt\u00e9rature nous constitue en tant qu\u2019\u00eatres humains. \u00c0 ce titre, les textes dont je suis l\u2019auteur ne rel\u00e8vent pas &hellip; <a href=\"https:\/\/auteur-ecrivain.marhic.fr\/index.php\/2013\/10\/01\/la-bataille-de-limaginaire\/\">Continuer la lecture <span class=\"meta-nav\">&rarr;<\/span><\/a><\/p>\n","protected":false},"author":1,"featured_media":0,"comment_status":"open","ping_status":"open","sticky":false,"template":"","format":"standard","meta":{"footnotes":""},"categories":[6],"tags":[33,35,34,32,10],"class_list":["post-312","post","type-post","status-publish","format-standard","hentry","category-de-la-main-gauche","tag-bataille-de-limaginaire","tag-culture","tag-entertainment","tag-exception-culturelle","tag-renaud-marhic"],"_links":{"self":[{"href":"https:\/\/auteur-ecrivain.marhic.fr\/index.php\/wp-json\/wp\/v2\/posts\/312","targetHints":{"allow":["GET"]}}],"collection":[{"href":"https:\/\/auteur-ecrivain.marhic.fr\/index.php\/wp-json\/wp\/v2\/posts"}],"about":[{"href":"https:\/\/auteur-ecrivain.marhic.fr\/index.php\/wp-json\/wp\/v2\/types\/post"}],"author":[{"embeddable":true,"href":"https:\/\/auteur-ecrivain.marhic.fr\/index.php\/wp-json\/wp\/v2\/users\/1"}],"replies":[{"embeddable":true,"href":"https:\/\/auteur-ecrivain.marhic.fr\/index.php\/wp-json\/wp\/v2\/comments?post=312"}],"version-history":[{"count":4,"href":"https:\/\/auteur-ecrivain.marhic.fr\/index.php\/wp-json\/wp\/v2\/posts\/312\/revisions"}],"predecessor-version":[{"id":314,"href":"https:\/\/auteur-ecrivain.marhic.fr\/index.php\/wp-json\/wp\/v2\/posts\/312\/revisions\/314"}],"wp:attachment":[{"href":"https:\/\/auteur-ecrivain.marhic.fr\/index.php\/wp-json\/wp\/v2\/media?parent=312"}],"wp:term":[{"taxonomy":"category","embeddable":true,"href":"https:\/\/auteur-ecrivain.marhic.fr\/index.php\/wp-json\/wp\/v2\/categories?post=312"},{"taxonomy":"post_tag","embeddable":true,"href":"https:\/\/auteur-ecrivain.marhic.fr\/index.php\/wp-json\/wp\/v2\/tags?post=312"}],"curies":[{"name":"wp","href":"https:\/\/api.w.org\/{rel}","templated":true}]}}