{"id":347,"date":"2006-02-17T11:47:17","date_gmt":"2006-02-17T10:47:17","guid":{"rendered":"http:\/\/auteur-ecrivain.marhic.fr\/?p=347"},"modified":"2019-01-25T15:50:19","modified_gmt":"2019-01-25T14:50:19","slug":"lediteur-qui-naimait-pas-les-mots","status":"publish","type":"post","link":"https:\/\/auteur-ecrivain.marhic.fr\/index.php\/2006\/02\/17\/lediteur-qui-naimait-pas-les-mots\/","title":{"rendered":"L\u2019\u00e9diteur qui n\u2019aimait pas les mots\u2026"},"content":{"rendered":"<p style=\"text-align: justify;\"><strong>O<\/strong>n reproche assez aux \u00e9diteurs leurs lettres de refus st\u00e9r\u00e9otyp\u00e9es. On les pr\u00e9sume suffisamment ne lisant pas les manuscrits arriv\u00e9s par voie postale. On ne va donc faire grief de rien \u00e0 qui, ayant lu, se fend au surplus d\u2019un refus personnalis\u00e9\u2026 Oui, ils sont pr\u00e9cieux ces qui-l\u00e0 permettant qu\u2019enfin s\u2019ouvre le d\u00e9bat.<\/p>\n<p>Ainsi, un \u00e9diteur m\u2019\u00e9crit :<\/p>\n<p style=\"text-align: left; padding-left: 30px;\"><em>\u201cVotre r\u00e9cit manque cruellement d\u2019\u00e9paisseur romanesque ; vous le faites exister par les mots, mais l\u2019avalanche de ces derniers \u00e9touffe le lecteur. Nous ne sommes pas sensibles \u00e0 votre \u00e9criture artiste, m\u00e9lange de verve et d\u2019\u00e9rudition.\u201d<\/em><\/p>\n<p style=\"text-align: justify;\">Cher \u00e9diteur,<\/p>\n<p style=\"text-align: justify;\">Certes, me sais d\u00e9cal\u00e9 plus qu\u2019\u00e0 mon tour. Mais l\u00e0\u2026 comment ai-je pu ? Des mots\u2026 j\u2019ai fait exister un roman par des mots ! con de moi ! Inutile de vous dire ce \u00e0 quoi je m\u2019emploie en ce moment\u2026 plein la bouche !\u2026 pas des mots hein ! Des mots\u2026 choisis !\u2026 pour aggraver mon cas. Des mots suintant la verve, l\u2019\u00e9rudition\u2026 Haut le c\u0153ur ! Chapeau l\u2019artiste ! Ind\u00e9crottable boh\u00e8me\u2026 je mourrai un jour dans mes mots, \u00e9touff\u00e9 !\u2026 cern\u00e9 d\u2019insensibilit\u00e9 g\u00e9n\u00e9rale. Alors ce sera fini et je serais bien content.<\/p>\n<p style=\"text-align: justify;\">Sinc\u00e8rement.<\/p>\n<p><a href=\"http:\/\/auteur-ecrivain.marhic.fr\/wp-content\/uploads\/2006\/02\/mots.jpg\"><img loading=\"lazy\" decoding=\"async\" class=\"wp-image-654 size-medium aligncenter\" src=\"http:\/\/auteur-ecrivain.marhic.fr\/wp-content\/uploads\/2006\/02\/mots-210x300.jpg\" alt=\"Mots\" width=\"210\" height=\"300\" srcset=\"https:\/\/auteur-ecrivain.marhic.fr\/wp-content\/uploads\/2006\/02\/mots-210x300.jpg 210w, https:\/\/auteur-ecrivain.marhic.fr\/wp-content\/uploads\/2006\/02\/mots-768x1097.jpg 768w, https:\/\/auteur-ecrivain.marhic.fr\/wp-content\/uploads\/2006\/02\/mots-717x1024.jpg 717w, https:\/\/auteur-ecrivain.marhic.fr\/wp-content\/uploads\/2006\/02\/mots.jpg 840w\" sizes=\"auto, (max-width: 210px) 100vw, 210px\" \/><\/a><\/p>\n","protected":false},"excerpt":{"rendered":"<p>On reproche assez aux \u00e9diteurs leurs lettres de refus st\u00e9r\u00e9otyp\u00e9es. On les pr\u00e9sume suffisamment ne lisant pas les manuscrits arriv\u00e9s par voie postale. On ne va donc faire grief de rien \u00e0 qui, ayant lu, se fend au surplus d\u2019un &hellip; <a href=\"https:\/\/auteur-ecrivain.marhic.fr\/index.php\/2006\/02\/17\/lediteur-qui-naimait-pas-les-mots\/\">Continuer la lecture <span class=\"meta-nav\">&rarr;<\/span><\/a><\/p>\n","protected":false},"author":1,"featured_media":0,"comment_status":"open","ping_status":"open","sticky":false,"template":"","format":"standard","meta":{"footnotes":""},"categories":[46],"tags":[56,58,10,57],"class_list":["post-347","post","type-post","status-publish","format-standard","hentry","category-ecrivain-du-charbon","tag-editeur","tag-erudition","tag-renaud-marhic","tag-verve"],"_links":{"self":[{"href":"https:\/\/auteur-ecrivain.marhic.fr\/index.php\/wp-json\/wp\/v2\/posts\/347","targetHints":{"allow":["GET"]}}],"collection":[{"href":"https:\/\/auteur-ecrivain.marhic.fr\/index.php\/wp-json\/wp\/v2\/posts"}],"about":[{"href":"https:\/\/auteur-ecrivain.marhic.fr\/index.php\/wp-json\/wp\/v2\/types\/post"}],"author":[{"embeddable":true,"href":"https:\/\/auteur-ecrivain.marhic.fr\/index.php\/wp-json\/wp\/v2\/users\/1"}],"replies":[{"embeddable":true,"href":"https:\/\/auteur-ecrivain.marhic.fr\/index.php\/wp-json\/wp\/v2\/comments?post=347"}],"version-history":[{"count":4,"href":"https:\/\/auteur-ecrivain.marhic.fr\/index.php\/wp-json\/wp\/v2\/posts\/347\/revisions"}],"predecessor-version":[{"id":655,"href":"https:\/\/auteur-ecrivain.marhic.fr\/index.php\/wp-json\/wp\/v2\/posts\/347\/revisions\/655"}],"wp:attachment":[{"href":"https:\/\/auteur-ecrivain.marhic.fr\/index.php\/wp-json\/wp\/v2\/media?parent=347"}],"wp:term":[{"taxonomy":"category","embeddable":true,"href":"https:\/\/auteur-ecrivain.marhic.fr\/index.php\/wp-json\/wp\/v2\/categories?post=347"},{"taxonomy":"post_tag","embeddable":true,"href":"https:\/\/auteur-ecrivain.marhic.fr\/index.php\/wp-json\/wp\/v2\/tags?post=347"}],"curies":[{"name":"wp","href":"https:\/\/api.w.org\/{rel}","templated":true}]}}