{"id":362,"date":"2008-08-27T12:56:29","date_gmt":"2008-08-27T10:56:29","guid":{"rendered":"http:\/\/auteur-ecrivain.marhic.fr\/?p=362"},"modified":"2019-01-11T16:59:29","modified_gmt":"2019-01-11T15:59:29","slug":"lediteur-mauvais-payeur-syndrome-de","status":"publish","type":"post","link":"https:\/\/auteur-ecrivain.marhic.fr\/index.php\/2008\/08\/27\/lediteur-mauvais-payeur-syndrome-de\/","title":{"rendered":"L&rsquo;\u00e9diteur mauvais payeur [syndrome de]"},"content":{"rendered":"<p style=\"text-align: left; padding-left: 30px;\"><em><strong>\u201cL<\/strong>e m\u00e9tier des lettres est tout de m\u00eame le seul o\u00f9 l\u2019on puisse sans ridicule ne pas gagner d\u2019argent.\u201d<\/em><\/p>\n<p style=\"text-align: right;\"><em>Journal de Jules Renard<\/em>, 1905-1910<\/p>\n<p style=\"text-align: justify;\">Ayant cit\u00e9 Renard, on n\u2019a pas tout dit, tant s\u2019en faut. Cette facult\u00e9 de l\u2019\u00e9crivain \u00e0 ne point gagner d\u2019argent tient aussi \u00e0 ce curieux syndrome frappant le monde de l\u2019\u00e9dition\u00a0; j\u2019ai nomm\u00e9 le \u201csyndrome de l\u2019\u00e9diteur mauvais payeur\u201d\u2026<\/p>\n<p style=\"text-align: justify;\">Le syndrome, donc, \u00e0 peu pr\u00e8s celui-ci\u00a0: l\u2019auteur sera pay\u00e9 \u2013 au mieux\u00a0! \u2013 de ses premi\u00e8res ventes. T\u00f4t ou tard, les relev\u00e9s de droits ne seront pas\/plus envoy\u00e9s. Si \u2013 r\u00e9clamation oblige \u2013 ils finissent par \u00eatre communiqu\u00e9s, ils resteront impay\u00e9s\u2026 (Plus qu\u2019un syndrome, une pratique\u00a0! un usage\u00a0!)<\/p>\n<p style=\"text-align: justify;\">Certes, l\u2019\u00e9diteur mauvais payeur encourt les tribunaux. Selon une constante jurisprudence, il y sera condamn\u00e9. Mais, les tribunaux, encore faut-il qu\u2019on l\u2019y tra\u00eene. Pour retarder l\u2019\u00e9ch\u00e9ance, l\u2019\u00e9diteur mauvais payeur ne manque g\u00e9n\u00e9ralement pas de proposer \u00e0 l\u2019auteur un tacite march\u00e9 de dupes\u00a0: certes, pas une thune, plus un radis, et foin d\u2019artiche\u2026 mais qu\u2019est cela en regard de la reconnaissance sociale inh\u00e9rente \u00e0 la publication, au statut d\u2019\u00e9crivain\u00a0?\u2026 Allons, un peu de s\u00e9rieux, l\u2019auteur\u00a0! Ne comprenez-vous pas, \u0152dipe petit pied, qu\u2019\u00e0 r\u00e9clamer vos droits c\u2019est le p\u00e8re que vous assassineriez\u00a0? Cette branche qui vous fait s\u00e9ant, iriez-vous la scier\u00a0?\u2026<\/p>\n<p style=\"text-align: justify;\">L\u2019esclavage a beau avoir \u00e9t\u00e9 aboli voil\u00e0 deux si\u00e8cles (d\u00e9cret n\u00b02262 de la Convention nationale du 16 Pluvi\u00f4se, an\u00a0II de la R\u00e9publique fran\u00e7aise, une &amp; indivisible), sur la foi d\u2019une simple promesse \u2013 \u00eatre de nouveau publi\u00e9s \u2013, bien des auteurs accepteront cette forme de travail non r\u00e9mun\u00e9r\u00e9. (Pas moins r\u00e9mun\u00e9rateur \u2013 \u00f4 combien\u00a0! \u2013 pour l\u2019\u00e9diteur mauvais payeur.)<\/p>\n<p style=\"text-align: justify;\">La chanson est connue, et je serais mal plac\u00e9 pour pr\u00e9tendre en ignorer les couplets\u2026<\/p>\n<p style=\"text-align: left; padding-left: 30px;\"><em>\u201cIl n\u2019est pas d\u2019<\/em>ego<em> qui r\u00e9siste \u00e0 l\u2019odeur de l\u2019encre fra\u00eeche\u2026\u201d<\/em><\/p>\n<p style=\"text-align: right;\"><em>Les testicules alimentaires<\/em>, Renaud Marhic, <em>H\u00e9matomes Crochus<\/em> n\u00b013, ao\u00fbt\u00a02003<\/p>\n<p style=\"text-align: justify;\">Il n\u2019emp\u00eache\u2026 \u00c0 m\u2019\u00eatre \u00e9gar\u00e9 chez un mauvais payeur, je fais aujourd\u2019hui, \u00e0 mon tour, les frais du syndrome. (Moins que d\u2019autres, il est vrai\u2026)<\/p>\n<p style=\"text-align: justify;\">Que s\u2019est-il pass\u00e9\u00a0?\u2026 L\u2019apprenti sorcier\u00a0a succomb\u00e9 sous les assauts des dupes susmentionn\u00e9es, un jour lass\u00e9es du march\u00e9\u00a0: auteurs d\u00e9senchant\u00e9s \u00e0 force d\u2019impay\u00e9s, transform\u00e9s \u2013 mauvaise magie\u00a0! \u2013 en cr\u00e9anciers d\u00e9termin\u00e9s\u2026 Bien s\u00fbr, les \u201cmessages personnels\u201d \u00e9grain\u00e9s sur ce site au cours des mois \u00e9coul\u00e9s n\u2019y auront rien chang\u00e9. Depuis belle lurette, le roi \u00e9tait nu\u2026 bluffeur patelin ignorant des rires, des pieds de nez qui se multipliaient dans son dos\u2026 inconscient des \u00e9v\u00e9nements en cataracte l\u2019obligeant, peu \u00e0 peu, \u00e0 r\u00e9v\u00e9ler sa v\u00e9ritable nature\u2026 indiff\u00e9rent aux avertissements de mes Lutins (merci Bug)\u2026 croyant pouvoir s\u2019opposer \u00e0 la loi\u2026 (Que croyez-vous qu\u2019il arriv\u00e2t\u00a0?\u2026 ce fut la loi qui triompha\u2026)<\/p>\n<p style=\"text-align: justify;\">Apr\u00e8s cinq ans de \u201ctraitement de faveur\u201d (on me payait, moi, l\u2019auteur qui ne transigerait pas\u2026), je dois moi aussi passer par pertes et profits quelques milliers d\u2019euros, oublier cinq ann\u00e9es d\u2019efforts \u00e9ditoriaux, et m\u2019accommoder de la disparition d\u2019une partie cons\u00e9quente de mon \u0153uvre dispers\u00e9e au hasard des soldeurs\u2026 (Mes Lutins, eux, rigolent \u2013 ravis de s\u2019en aller, \u00e0 p\u2019tits prix, infester d\u2019autres foyers.)<\/p>\n<p style=\"text-align: justify;\">\u00c0 ce stade, il fait beau citer Kipling\u2026 Sauf qu\u2019\u00e0 reb\u00e2tir sans un mot, je n\u2019ai pas attendu de voir d\u00e9truit l\u2019\u0153uvre de ma vie. Tandis que la gal\u00e8re prenait l\u2019eau de toute part, que bruissait la r\u00e9volte des rameurs, en soute, je travaillais d\u2019arrache-pied \u00e0 ce radeau bient\u00f4t \u00e0 la mer. Quand enfin sombra la gal\u00e8re, d\u00e9j\u00e0 avais-je atteint d\u2019autres terres\u2026<\/p>\n<p style=\"text-align: justify;\">Pour \u00e9pilogue au naufrage, me reviennent mes 17\u00a0ans. Au caf\u00e9 des copains, un soir, l\u2019un de nous \u2013 musicien, dessinateur (il sera le premier \u00e0 se ranger loin de toute carri\u00e8re artistique\u2026) \u2013, celui-l\u00e0, donc, m\u2019avait caricatur\u00e9 dans une posture trahissant mon actualit\u00e9 du moment. O\u00f9 l\u2019on peut me voir \u2013 sur fond d\u2019espace intersid\u00e9ral \u2013 occup\u00e9 \u00e0 changer de plan\u00e8te\u2026 (Mon univers \u00e9tait alors celui de la \u201cradio libre\u201d\u00a0; d\u2019autres march\u00e9s de dupes y avaient force de loi, bien entendu.) M\u00e2choires serr\u00e9es, je vais mon nouveau chemin \u2013 en toute d\u00e9termination\u00a0; \u00e0 bon entendeur\u2026 Punais\u00e9e au mur de mon bureau, elle n\u2019en a plus boug\u00e9 depuis, cette caricature. La contemplant un quart de si\u00e8cle plus tard, me dis que je n\u2019ai pas tant vieilli.<\/p>\n<p><a href=\"http:\/\/auteur-ecrivain.marhic.fr\/wp-content\/uploads\/2019\/01\/marhic.jpg\"><img loading=\"lazy\" decoding=\"async\" class=\"aligncenter wp-image-482 size-medium\" src=\"http:\/\/auteur-ecrivain.marhic.fr\/wp-content\/uploads\/2019\/01\/marhic-210x300.jpg\" alt=\"Marhic\" width=\"210\" height=\"300\" srcset=\"https:\/\/auteur-ecrivain.marhic.fr\/wp-content\/uploads\/2019\/01\/marhic-210x300.jpg 210w, https:\/\/auteur-ecrivain.marhic.fr\/wp-content\/uploads\/2019\/01\/marhic-768x1097.jpg 768w, https:\/\/auteur-ecrivain.marhic.fr\/wp-content\/uploads\/2019\/01\/marhic-717x1024.jpg 717w\" sizes=\"auto, (max-width: 210px) 100vw, 210px\" \/><\/a><\/p>\n","protected":false},"excerpt":{"rendered":"<p>\u201cLe m\u00e9tier des lettres est tout de m\u00eame le seul o\u00f9 l\u2019on puisse sans ridicule ne pas gagner d\u2019argent.\u201d Journal de Jules Renard, 1905-1910 Ayant cit\u00e9 Renard, on n\u2019a pas tout dit, tant s\u2019en faut. Cette facult\u00e9 de l\u2019\u00e9crivain \u00e0 &hellip; <a href=\"https:\/\/auteur-ecrivain.marhic.fr\/index.php\/2008\/08\/27\/lediteur-mauvais-payeur-syndrome-de\/\">Continuer la lecture <span class=\"meta-nav\">&rarr;<\/span><\/a><\/p>\n","protected":false},"author":1,"featured_media":0,"comment_status":"open","ping_status":"open","sticky":false,"template":"","format":"standard","meta":{"footnotes":""},"categories":[46],"tags":[59,10],"class_list":["post-362","post","type-post","status-publish","format-standard","hentry","category-ecrivain-du-charbon","tag-ak-editions","tag-renaud-marhic"],"_links":{"self":[{"href":"https:\/\/auteur-ecrivain.marhic.fr\/index.php\/wp-json\/wp\/v2\/posts\/362","targetHints":{"allow":["GET"]}}],"collection":[{"href":"https:\/\/auteur-ecrivain.marhic.fr\/index.php\/wp-json\/wp\/v2\/posts"}],"about":[{"href":"https:\/\/auteur-ecrivain.marhic.fr\/index.php\/wp-json\/wp\/v2\/types\/post"}],"author":[{"embeddable":true,"href":"https:\/\/auteur-ecrivain.marhic.fr\/index.php\/wp-json\/wp\/v2\/users\/1"}],"replies":[{"embeddable":true,"href":"https:\/\/auteur-ecrivain.marhic.fr\/index.php\/wp-json\/wp\/v2\/comments?post=362"}],"version-history":[{"count":8,"href":"https:\/\/auteur-ecrivain.marhic.fr\/index.php\/wp-json\/wp\/v2\/posts\/362\/revisions"}],"predecessor-version":[{"id":441,"href":"https:\/\/auteur-ecrivain.marhic.fr\/index.php\/wp-json\/wp\/v2\/posts\/362\/revisions\/441"}],"wp:attachment":[{"href":"https:\/\/auteur-ecrivain.marhic.fr\/index.php\/wp-json\/wp\/v2\/media?parent=362"}],"wp:term":[{"taxonomy":"category","embeddable":true,"href":"https:\/\/auteur-ecrivain.marhic.fr\/index.php\/wp-json\/wp\/v2\/categories?post=362"},{"taxonomy":"post_tag","embeddable":true,"href":"https:\/\/auteur-ecrivain.marhic.fr\/index.php\/wp-json\/wp\/v2\/tags?post=362"}],"curies":[{"name":"wp","href":"https:\/\/api.w.org\/{rel}","templated":true}]}}