{"id":367,"date":"2008-03-31T13:10:31","date_gmt":"2008-03-31T11:10:31","guid":{"rendered":"http:\/\/auteur-ecrivain.marhic.fr\/?p=367"},"modified":"2019-01-12T13:45:48","modified_gmt":"2019-01-12T12:45:48","slug":"a-lediteur-mauvais-payeur","status":"publish","type":"post","link":"https:\/\/auteur-ecrivain.marhic.fr\/index.php\/2008\/03\/31\/a-lediteur-mauvais-payeur\/","title":{"rendered":"\u00c0 l\u2019\u00e9diteur mauvais payeur\u2026"},"content":{"rendered":"<p><strong>V<\/strong>euillez \u00e0 pr\u00e9sent \u00e9couter quelques messages personnels :<\/p>\n<p style=\"text-align: left; padding-left: 30px;\"><em>\u201cI fought the law and\u2026 the law won\u201d<\/em><\/p>\n<p>Je r\u00e9p\u00e8te :<\/p>\n<p style=\"text-align: left; padding-left: 30px;\"><em>\u201cI fought the law and\u2026 the law won\u201d<\/em><\/p>\n<blockquote>\n<p style=\"text-align: right;\"><em>I Fought the law<\/em>, S.\u00a0Curtis, 1959, The Clash, 1979<\/p>\n<p style=\"text-align: left;\"><a href=\"http:\/\/auteur-ecrivain.marhic.fr\/wp-content\/uploads\/2008\/03\/justicepng.png\"><img loading=\"lazy\" decoding=\"async\" class=\"aligncenter wp-image-502 size-medium\" src=\"http:\/\/auteur-ecrivain.marhic.fr\/wp-content\/uploads\/2008\/03\/justicepng-300x259.png\" alt=\"Justice\" width=\"300\" height=\"259\" srcset=\"https:\/\/auteur-ecrivain.marhic.fr\/wp-content\/uploads\/2008\/03\/justicepng-300x259.png 300w, https:\/\/auteur-ecrivain.marhic.fr\/wp-content\/uploads\/2008\/03\/justicepng.png 522w\" sizes=\"auto, (max-width: 300px) 100vw, 300px\" \/><\/a><\/p>\n<\/blockquote>\n","protected":false},"excerpt":{"rendered":"<p>Veuillez \u00e0 pr\u00e9sent \u00e9couter quelques messages personnels : \u201cI fought the law and\u2026 the law won\u201d Je r\u00e9p\u00e8te : \u201cI fought the law and\u2026 the law won\u201d I Fought the law, S.\u00a0Curtis, 1959, The Clash, 1979<\/p>\n","protected":false},"author":1,"featured_media":0,"comment_status":"open","ping_status":"open","sticky":false,"template":"","format":"standard","meta":{"footnotes":""},"categories":[46],"tags":[59,10],"class_list":["post-367","post","type-post","status-publish","format-standard","hentry","category-ecrivain-du-charbon","tag-ak-editions","tag-renaud-marhic"],"_links":{"self":[{"href":"https:\/\/auteur-ecrivain.marhic.fr\/index.php\/wp-json\/wp\/v2\/posts\/367","targetHints":{"allow":["GET"]}}],"collection":[{"href":"https:\/\/auteur-ecrivain.marhic.fr\/index.php\/wp-json\/wp\/v2\/posts"}],"about":[{"href":"https:\/\/auteur-ecrivain.marhic.fr\/index.php\/wp-json\/wp\/v2\/types\/post"}],"author":[{"embeddable":true,"href":"https:\/\/auteur-ecrivain.marhic.fr\/index.php\/wp-json\/wp\/v2\/users\/1"}],"replies":[{"embeddable":true,"href":"https:\/\/auteur-ecrivain.marhic.fr\/index.php\/wp-json\/wp\/v2\/comments?post=367"}],"version-history":[{"count":4,"href":"https:\/\/auteur-ecrivain.marhic.fr\/index.php\/wp-json\/wp\/v2\/posts\/367\/revisions"}],"predecessor-version":[{"id":503,"href":"https:\/\/auteur-ecrivain.marhic.fr\/index.php\/wp-json\/wp\/v2\/posts\/367\/revisions\/503"}],"wp:attachment":[{"href":"https:\/\/auteur-ecrivain.marhic.fr\/index.php\/wp-json\/wp\/v2\/media?parent=367"}],"wp:term":[{"taxonomy":"category","embeddable":true,"href":"https:\/\/auteur-ecrivain.marhic.fr\/index.php\/wp-json\/wp\/v2\/categories?post=367"},{"taxonomy":"post_tag","embeddable":true,"href":"https:\/\/auteur-ecrivain.marhic.fr\/index.php\/wp-json\/wp\/v2\/tags?post=367"}],"curies":[{"name":"wp","href":"https:\/\/api.w.org\/{rel}","templated":true}]}}