{"id":372,"date":"2008-04-01T11:16:13","date_gmt":"2008-04-01T09:16:13","guid":{"rendered":"http:\/\/auteur-ecrivain.marhic.fr\/?p=372"},"modified":"2019-01-10T21:06:02","modified_gmt":"2019-01-10T20:06:02","slug":"a-lediteur-mauvais-payeur-2","status":"publish","type":"post","link":"https:\/\/auteur-ecrivain.marhic.fr\/index.php\/2008\/04\/01\/a-lediteur-mauvais-payeur-2\/","title":{"rendered":"\u00c0 l\u2019\u00e9diteur mauvais payeur (2)\u2026"},"content":{"rendered":"<div class=\"entry-content\">\n<p><strong>V<\/strong>euillez \u00e0 pr\u00e9sent \u00e9couter quelques messages personnels :<\/p>\n<p style=\"padding-left: 30px;\"><em>\u201c[Les lutins n\u2019ont pas leur pareil pour] provoquer des \u00e9v\u00e9nements en cascade, voire en cataracte \u2013 des \u00e9v\u00e9nements incongrus, for\u00e7ant les humains \u00e0 r\u00e9v\u00e9ler leur vraie nature. [\u2026] Plus l\u00e9gitime encore, l\u2019opposition des lutins aux chambardements entrepris pour de sordides raisons de lucre.\u201d<\/em><\/p>\n<p style=\"text-align: left;\">Je r\u00e9p\u00e8te :<\/p>\n<p style=\"text-align: left; padding-left: 30px;\"><em>\u201c \u2026 pour de sordides raisons de lucre.\u201d<\/em><\/p>\n<p style=\"text-align: right;\"><em>Vie et m\u0153urs des lutins bretons<\/em>, Fran\u00e7oise Morvan, Acte Sud, 1999<\/p>\n<p style=\"text-align: center;\"><a href=\"http:\/\/auteur-ecrivain.marhic.fr\/wp-content\/uploads\/2008\/04\/Bug-le-Gnome.jpg\"><img loading=\"lazy\" decoding=\"async\" class=\"alignnone wp-image-379 size-medium\" src=\"http:\/\/auteur-ecrivain.marhic.fr\/wp-content\/uploads\/2008\/04\/Bug-le-Gnome-225x300.jpg\" alt=\"Bug le Gnome\" width=\"225\" height=\"300\" srcset=\"https:\/\/auteur-ecrivain.marhic.fr\/wp-content\/uploads\/2008\/04\/Bug-le-Gnome-225x300.jpg 225w, https:\/\/auteur-ecrivain.marhic.fr\/wp-content\/uploads\/2008\/04\/Bug-le-Gnome-768x1025.jpg 768w, https:\/\/auteur-ecrivain.marhic.fr\/wp-content\/uploads\/2008\/04\/Bug-le-Gnome-767x1024.jpg 767w\" sizes=\"auto, (max-width: 225px) 100vw, 225px\" \/><\/a><\/p>\n<\/div>\n","protected":false},"excerpt":{"rendered":"<p>Veuillez \u00e0 pr\u00e9sent \u00e9couter quelques messages personnels : \u201c[Les lutins n\u2019ont pas leur pareil pour] provoquer des \u00e9v\u00e9nements en cascade, voire en cataracte \u2013 des \u00e9v\u00e9nements incongrus, for\u00e7ant les humains \u00e0 r\u00e9v\u00e9ler leur vraie nature. [\u2026] Plus l\u00e9gitime encore, l\u2019opposition &hellip; <a href=\"https:\/\/auteur-ecrivain.marhic.fr\/index.php\/2008\/04\/01\/a-lediteur-mauvais-payeur-2\/\">Continuer la lecture <span class=\"meta-nav\">&rarr;<\/span><\/a><\/p>\n","protected":false},"author":1,"featured_media":0,"comment_status":"open","ping_status":"open","sticky":false,"template":"","format":"standard","meta":{"footnotes":""},"categories":[46],"tags":[59,10],"class_list":["post-372","post","type-post","status-publish","format-standard","hentry","category-ecrivain-du-charbon","tag-ak-editions","tag-renaud-marhic"],"_links":{"self":[{"href":"https:\/\/auteur-ecrivain.marhic.fr\/index.php\/wp-json\/wp\/v2\/posts\/372","targetHints":{"allow":["GET"]}}],"collection":[{"href":"https:\/\/auteur-ecrivain.marhic.fr\/index.php\/wp-json\/wp\/v2\/posts"}],"about":[{"href":"https:\/\/auteur-ecrivain.marhic.fr\/index.php\/wp-json\/wp\/v2\/types\/post"}],"author":[{"embeddable":true,"href":"https:\/\/auteur-ecrivain.marhic.fr\/index.php\/wp-json\/wp\/v2\/users\/1"}],"replies":[{"embeddable":true,"href":"https:\/\/auteur-ecrivain.marhic.fr\/index.php\/wp-json\/wp\/v2\/comments?post=372"}],"version-history":[{"count":5,"href":"https:\/\/auteur-ecrivain.marhic.fr\/index.php\/wp-json\/wp\/v2\/posts\/372\/revisions"}],"predecessor-version":[{"id":466,"href":"https:\/\/auteur-ecrivain.marhic.fr\/index.php\/wp-json\/wp\/v2\/posts\/372\/revisions\/466"}],"wp:attachment":[{"href":"https:\/\/auteur-ecrivain.marhic.fr\/index.php\/wp-json\/wp\/v2\/media?parent=372"}],"wp:term":[{"taxonomy":"category","embeddable":true,"href":"https:\/\/auteur-ecrivain.marhic.fr\/index.php\/wp-json\/wp\/v2\/categories?post=372"},{"taxonomy":"post_tag","embeddable":true,"href":"https:\/\/auteur-ecrivain.marhic.fr\/index.php\/wp-json\/wp\/v2\/tags?post=372"}],"curies":[{"name":"wp","href":"https:\/\/api.w.org\/{rel}","templated":true}]}}