{"id":461,"date":"2006-04-02T14:18:45","date_gmt":"2006-04-02T12:18:45","guid":{"rendered":"http:\/\/auteur-ecrivain.marhic.fr\/?p=461"},"modified":"2019-01-12T17:32:45","modified_gmt":"2019-01-12T16:32:45","slug":"des-poetes-et-des-couilles-en-avoir-ou-pas","status":"publish","type":"post","link":"https:\/\/auteur-ecrivain.marhic.fr\/index.php\/2006\/04\/02\/des-poetes-et-des-couilles-en-avoir-ou-pas\/","title":{"rendered":"Des po\u00e8tes et des couilles \u2013 en avoir ou pas\u2026"},"content":{"rendered":"<div class=\"entry-content\">\n<p style=\"text-align: justify;\"><strong>E<\/strong>n priv\u00e9, le Po\u00e8te de Matignon se vanterait d\u2019avoir des couilles\u2026<\/p>\n<p style=\"text-align: justify;\">\u201cAvoir des couilles\u201d, en langage de m\u00e2le dominant, signifie, au mieux, le courage, au pire, la facult\u00e9 de triompher d\u2019autrui selon la loi du plus fort. Pour rester dans cette logique, le Po\u00e8te de Matignon, bien s\u00fbr, n\u2019a pas de couilles\u00a0; juste le ridicule de qui persuad\u00e9 du contraire.<\/p>\n<p style=\"text-align: justify;\">On peut feindre la surprise.<\/p>\n<p style=\"text-align: justify;\">On nous avait pourtant bien pr\u00e9venus.<\/p>\n<p style=\"text-align: center;\"><a href=\"http:\/\/auteur-ecrivain.marhic.fr\/wp-content\/uploads\/2006\/04\/jourde_nolleau.jpg\"><img loading=\"lazy\" decoding=\"async\" class=\"alignnone wp-image-517 size-medium\" src=\"http:\/\/auteur-ecrivain.marhic.fr\/wp-content\/uploads\/2006\/04\/jourde_nolleau-195x300.jpg\" alt=\"Jourde&amp;Nolleau\" width=\"195\" height=\"300\" srcset=\"https:\/\/auteur-ecrivain.marhic.fr\/wp-content\/uploads\/2006\/04\/jourde_nolleau-195x300.jpg 195w, https:\/\/auteur-ecrivain.marhic.fr\/wp-content\/uploads\/2006\/04\/jourde_nolleau.jpg 308w\" sizes=\"auto, (max-width: 195px) 100vw, 195px\" \/><\/a><\/p>\n<blockquote><p>\u201cDominique de Villepin est n\u00e9 le 14 novembre 1953 \u00e0 Rabat, au Maroc. Son enfance, telle qu\u2019il en donne un aper\u00e7u dans <em>\u00c9loge des voleurs de feu, <\/em>fut celle, banale, d\u2019un jeune Fran\u00e7ais comme les autres. Le petit Dominique se prom\u00e8ne les poches bourr\u00e9es de po\u00e8mes griffonn\u00e9s \u00ab\u00a0sur de tout petits bouts de papier\u00a0\u00bb. Parfois, au lieu de manger son quatre-heures, il convoque des mains \u00e9lues ou des faces sacr\u00e9es\u00a0:<\/p>\n<p>\u00ab\u00a0<em>Pareil \u00e0 l\u2019enfant primitif, au rendez-vous des puissances tut\u00e9laires et des forces augurales, autour du feu cr\u00e9pitant des rimes douces ou s\u00e8ches, je convoquais les faces sacr\u00e9es, les mains \u00e9lues, les noms glan\u00e9s sur les chemins buissonniers du premier \u00e2ge, quand tout reste encore \u00e0 inventer. Pour rien au monde l\u2019enfant po\u00e8me ne se f\u00fbt s\u00e9par\u00e9 de son invisible et secr\u00e8te armure, pas plus qu\u2019il n\u2019e\u00fbt imagin\u00e9 de plus beau go\u00fbter, de plus grand tr\u00e9sor. Il y avait l\u2019espace infini, les lucarnes du ciel et de la mer. Il y avait l\u2019absence et l\u2019effroi et, pour les conjurer, tous ces mots de couleur.\u00bb<\/em><\/p>\n<p>Pendant ce temps, la m\u00e8re de l\u2019enfant-po\u00e8me, \u00ab\u00a0pench\u00e9e sur de hauts et volumineux grimoires\u00a0\u00bb, recopie des textes. L\u2019essayiste n\u2019en dit pas plus, mais on imagine volontiers la vie quotidienne de la paisible petite famille, la m\u00e8re allant cueillir au cr\u00e9puscule des simples et des racines de mandra\u00adgore, le p\u00e8re domptant des cavales \u00e9cumantes, la s\u0153ur errant sur la lande en psalmodiant d\u2019anciennes m\u00e9lop\u00e9es, la bonne traduisant Swedenborg, etc.<\/p>\n<p>L\u2019enfant-po\u00e8me poursuit ses r\u00eaves : licence de lettres, ENA. Il devient Secr\u00e9taire g\u00e9n\u00e9ral de la pr\u00e9sidence de la R\u00e9publiqueen 1995, et, en 2002, ministre des Affaires \u00e9trang\u00e8res sous la pr\u00e9sidence du magicien Jacques Chirac [\u2026].<\/p>\n<p>Pour l\u2019incendiaire du Quai d\u2019Orsay, la po\u00e9sie a ceci d\u2019ori\u00adginal qu\u2019elle est diff\u00e9rente. Et cette diff\u00e9rence tient d\u2019abord \u00e0 son caract\u00e8re \u00ab\u00a0<em>rebelle<\/em>\u00a0\u00bb. Autre originalit\u00e9. L\u2019id\u00e9e revient sans cesse et sous divers vocables, subversion, insoumissio\u00adn, s\u00e9dition, r\u00e9volte, s\u00e9cession\u00a0: \u00ab\u00a0<em>La r\u00e9volte devient po\u00e9sie\u00a0<\/em>\u00bb, \u00ab\u00a0<em>Rage ! Rage du verbe qui s\u2019\u00e9lance\u2026\u00a0<\/em>\u00bb, \u00ab\u00a0<em>Le po\u00e8me recueille les forces vivantes, braise indocile et lente<\/em>\u00a0\u00bb. Il y a pour la po\u00e9sie une \u00ab\u00a0<em>r\u00e8gle d\u2019insoumis\u00adsion<\/em>\u00a0\u00bb, qui ne va pas sans graves p\u00e9rils\u00a0: \u00ab<em>\u00a0Cette parole na\u00eet du plus grand danger\u00a0<\/em>\u00bb, elle fait na\u00eetre \u00ab<em>\u00a0l\u2019\u00e9pouvante des gouffres\u00a0<\/em>\u00bb [\u2026]. Selon des sources bien inform\u00e9es, cette violence a provoqu\u00e9 des tensions au sein m\u00eame du gouver\u00adnement. L\u2019affirmation de Villepin selon laquelle la po\u00e9sie des voleurs de feu est \u00ab<em>\u00a0ins\u00e9parable de toute r\u00e9volution<\/em>\u00a0\u00bb a suscit\u00e9 l\u2019\u00e9moi de plusieurs ministres. Le ministre de l\u2019Int\u00e9rieur, Nicolas Sarkozy, a d\u2019ailleurs publiquement promis l\u2019 \u00ab impunit\u00e9 z\u00e9ro\u00a0\u00bb pour les voleurs de feu, et l\u2019ar\u00adrestation de la plupart d\u2019entre eux. Le ministre des Affaires \u00e9trang\u00e8res a d\u00fb expliquer que la r\u00e9bellion dont il parle est purement verbale. Il ne s\u2019agit que d\u2019emporter \u00ab\u00a0<em>tous les hommes dans une danse tourbillonnante<\/em>\u00a0\u00bb, de \u00ab<em>\u00a0faire rouler la cl\u00e9 des chants<\/em>\u00a0\u00bb. Le gouvernement de M. Raffarin a \u00e9t\u00e9 rassur\u00e9 par ces pr\u00e9cisions <em>[\u2026]<\/em>.\u201d<\/p><\/blockquote>\n<p align=\"right\"><em>Le Jourde&amp;Naulleau \u2013 <\/em><em>Pr\u00e9cis de litt\u00e9rature du XXI<sup>e<\/sup> si\u00e8cle<\/em>,<\/p>\n<p align=\"right\">Pierre Jourde \u2013 \u00c9ric Naulleau, Mots et C<sup>ie<\/sup>, 2004<\/p>\n<p>Ceci rappel\u00e9, reste cette question qui nous laisse \u2013 nous, po\u00e8tes \u2013, \u00e0 la suite de Dominique de Villepin, tout sens dessous dessus\u00a0:<\/p>\n<p>\u201cEn avoir ou pas\u00a0?\u201d<\/p>\n<p style=\"text-align: justify;\">\u00c0 l\u2019instar d\u2019Hemingway, Cendrars en avait\u00a0; bien que, un bras perdu, il passa pas mal de temps \u00e0 se les gratter, de la main restante, en cabine transatlantique trois \u00e9toiles ou wagon Pullman de luxe.<\/p>\n<p style=\"text-align: justify;\">Et puis, serions le plan, force est de le constater\u00a0: Fr\u00e9d\u00e9rick Houdaer en a. Parce qu\u2019il en faut, au po\u00e8te, pour <a href=\"http:\/\/houdaer.hautetfort.com\/archive\/2006\/01\/15\/reportage-m6.html\" target=\"_blank\" rel=\"noopener\">\u00c7A !<\/a><\/p>\n<p style=\"text-align: justify;\">Mais cela ne nous dit pas si Fr\u00e9d\u00e9rick est disponible pour Matignon.<\/p>\n<p style=\"text-align: justify;\">C\u2019\u00e9tait notre rubrique <em>Des po\u00e8tes et des couilles \u2013 en avoir ou pas\u2026<\/em>, merci de votre attention, \u00e0 mardi dans la rue, bonsoir.<\/p>\n<\/div>\n","protected":false},"excerpt":{"rendered":"<p>En priv\u00e9, le Po\u00e8te de Matignon se vanterait d\u2019avoir des couilles\u2026 \u201cAvoir des couilles\u201d, en langage de m\u00e2le dominant, signifie, au mieux, le courage, au pire, la facult\u00e9 de triompher d\u2019autrui selon la loi du plus fort. Pour rester dans &hellip; <a href=\"https:\/\/auteur-ecrivain.marhic.fr\/index.php\/2006\/04\/02\/des-poetes-et-des-couilles-en-avoir-ou-pas\/\">Continuer la lecture <span class=\"meta-nav\">&rarr;<\/span><\/a><\/p>\n","protected":false},"author":1,"featured_media":0,"comment_status":"open","ping_status":"open","sticky":false,"template":"","format":"standard","meta":{"footnotes":""},"categories":[6],"tags":[85,86,87,10],"class_list":["post-461","post","type-post","status-publish","format-standard","hentry","category-de-la-main-gauche","tag-dominique-de-villepin","tag-jourde","tag-nolleau","tag-renaud-marhic"],"_links":{"self":[{"href":"https:\/\/auteur-ecrivain.marhic.fr\/index.php\/wp-json\/wp\/v2\/posts\/461","targetHints":{"allow":["GET"]}}],"collection":[{"href":"https:\/\/auteur-ecrivain.marhic.fr\/index.php\/wp-json\/wp\/v2\/posts"}],"about":[{"href":"https:\/\/auteur-ecrivain.marhic.fr\/index.php\/wp-json\/wp\/v2\/types\/post"}],"author":[{"embeddable":true,"href":"https:\/\/auteur-ecrivain.marhic.fr\/index.php\/wp-json\/wp\/v2\/users\/1"}],"replies":[{"embeddable":true,"href":"https:\/\/auteur-ecrivain.marhic.fr\/index.php\/wp-json\/wp\/v2\/comments?post=461"}],"version-history":[{"count":4,"href":"https:\/\/auteur-ecrivain.marhic.fr\/index.php\/wp-json\/wp\/v2\/posts\/461\/revisions"}],"predecessor-version":[{"id":518,"href":"https:\/\/auteur-ecrivain.marhic.fr\/index.php\/wp-json\/wp\/v2\/posts\/461\/revisions\/518"}],"wp:attachment":[{"href":"https:\/\/auteur-ecrivain.marhic.fr\/index.php\/wp-json\/wp\/v2\/media?parent=461"}],"wp:term":[{"taxonomy":"category","embeddable":true,"href":"https:\/\/auteur-ecrivain.marhic.fr\/index.php\/wp-json\/wp\/v2\/categories?post=461"},{"taxonomy":"post_tag","embeddable":true,"href":"https:\/\/auteur-ecrivain.marhic.fr\/index.php\/wp-json\/wp\/v2\/tags?post=461"}],"curies":[{"name":"wp","href":"https:\/\/api.w.org\/{rel}","templated":true}]}}