{"id":704,"date":"2019-09-24T11:43:21","date_gmt":"2019-09-24T09:43:21","guid":{"rendered":"http:\/\/auteur-ecrivain.marhic.fr\/?p=704"},"modified":"2019-09-24T11:46:20","modified_gmt":"2019-09-24T09:46:20","slug":"ecrivain-ou-magicien-un-auteur-jeunesse-breton-fait-apparaitre-ses-personnages-en-hologrammes","status":"publish","type":"post","link":"https:\/\/auteur-ecrivain.marhic.fr\/index.php\/2019\/09\/24\/ecrivain-ou-magicien-un-auteur-jeunesse-breton-fait-apparaitre-ses-personnages-en-hologrammes\/","title":{"rendered":"\u00c9crivain ou magicien\u00a0?  Un auteur jeunesse breton fait appara\u00eetre ses personnages en hologrammes"},"content":{"rendered":"<p><iframe loading=\"lazy\" title=\"Quand un auteur jeunesse fait appara\u00eetre ses personnages\" width=\"640\" height=\"480\" src=\"https:\/\/www.youtube.com\/embed\/3ZO1kBAwp-8?feature=oembed\" frameborder=\"0\" allow=\"accelerometer; autoplay; clipboard-write; encrypted-media; gyroscope; picture-in-picture; web-share\" referrerpolicy=\"strict-origin-when-cross-origin\" allowfullscreen><\/iframe><\/p>\n<p style=\"text-align: justify;\"><strong>S<\/strong>i la litt\u00e9rature jeunesse a depuis longtemps fait sienne les techniques de communication les plus vari\u00e9es, ceci est radicalement nouveau. Depuis septembre 2019, on peut voir sur les salons du livre de Bretagne un auteur jeunesse s\u2019afficher\u2026 aux c\u00f4t\u00e9s de ses personnages ! Et le rendu de ces \u201capparitions\u201d en 3 dimensions est saisissant <strong>[photo]<\/strong><strong> [vid\u00e9o]<\/strong>. Renaud Marhic, <em>alias<\/em> Le Petit Reporter de l\u2019Imaginaire, a cr\u00e9\u00e9 en 2003 le concept des Lutins Urbains <strong>[site]<\/strong>. Il s\u2019explique : \u201c<em>Je vis avec mes personnages depuis<\/em><em> un quart de si\u00e8cle. Pour moi, il est naturel de les voir comme je vous vois. J\u2019ai voulu partager cela avec mes lecteurs\u2026\u201d<\/em><\/p>\n<p style=\"text-align: justify;\"><strong>La 3D r\u00e9elle au service du livre<\/strong><\/p>\n<p style=\"text-align: justify;\">L\u2019\u201ch\u00e9lice holographique\u201d ici utilis\u00e9e ressemble \u00e0 un ventilateur aux pales recouvertes de LED. Quant l\u2019h\u00e9lice se met \u00e0 tourner, elle devient invisible. Les diodes d\u00e9livrent alors une image pr\u00e9alablement charg\u00e9e dans l\u2019appareil. Persistance r\u00e9tinienne oblige, l\u2019\u0153il est tromp\u00e9, percevant l\u2019image dans sa globalit\u00e9 et non sa d\u00e9composition LED par LED. \u201c<em>J\u2019ai tellement entendu que les enfants ne lisent plus du fait du num\u00e9rique et du jeu vid\u00e9o\u2026 <\/em>s\u2019amuse Renaud Marhic<em>. Faire appara\u00eetre mes lutins en 3D r\u00e9elle, c\u2019est un peu le retour \u00e0 l\u2019envoyeur. L\u2019id\u00e9e, c\u2019est d\u2019amener l\u2019enfant au livre par le biais de la technologie dans laquelle il est baign\u00e9\u2026\u201d<\/em><\/p>\n<p style=\"text-align: justify;\"><strong>Au-del\u00e0 du simple \u201ceffet waouh !\u201d<br \/>\n<\/strong><\/p>\n<p style=\"text-align: justify;\">\u00c0 l\u2019heure du tout disruptif, l\u2019hologramme peut passer pour la solution marketing id\u00e9ale. Selon Renaud Marhic, il est bien plus que cela\u00a0: <em>\u201cSi je suis le premier auteur \u00e0 avoir franchi le pas, ce prolongement de mon univers romanesque dans le r\u00e9el pr\u00e9figure ce que sera demain l\u2019illustration \u00e0 destination de la jeunesse.<\/em>\u201d Et de conclure : \u201c<em>Depuis que j\u2019ai d\u00e9ploy\u00e9 ce syst\u00e8me, j\u2019ai chang\u00e9 de statut. Aux yeux de mes lecteurs, je ne suis plus seulement \u00e9crivain. Je suis un peu magicien<\/em>\u2026\u201d<\/p>\n<p><img loading=\"lazy\" decoding=\"async\" class=\"wp-image-707 size-medium aligncenter\" src=\"http:\/\/auteur-ecrivain.marhic.fr\/wp-content\/uploads\/2019\/09\/Bug-3D-300x300.jpg\" alt=\"\" width=\"300\" height=\"300\" srcset=\"https:\/\/auteur-ecrivain.marhic.fr\/wp-content\/uploads\/2019\/09\/Bug-3D-300x300.jpg 300w, https:\/\/auteur-ecrivain.marhic.fr\/wp-content\/uploads\/2019\/09\/Bug-3D-150x150.jpg 150w, https:\/\/auteur-ecrivain.marhic.fr\/wp-content\/uploads\/2019\/09\/Bug-3D-768x768.jpg 768w, https:\/\/auteur-ecrivain.marhic.fr\/wp-content\/uploads\/2019\/09\/Bug-3D.jpg 1024w\" sizes=\"auto, (max-width: 300px) 100vw, 300px\" \/><\/p>\n<p>http:\/\/www.les-lutins-urbains.editionsptitlouis.fr\/<\/p>\n","protected":false},"excerpt":{"rendered":"<p>Si la litt\u00e9rature jeunesse a depuis longtemps fait sienne les techniques de communication les plus vari\u00e9es, ceci est radicalement nouveau. Depuis septembre 2019, on peut voir sur les salons du livre de Bretagne un auteur jeunesse s\u2019afficher\u2026 aux c\u00f4t\u00e9s de &hellip; <a href=\"https:\/\/auteur-ecrivain.marhic.fr\/index.php\/2019\/09\/24\/ecrivain-ou-magicien-un-auteur-jeunesse-breton-fait-apparaitre-ses-personnages-en-hologrammes\/\">Continuer la lecture <span class=\"meta-nav\">&rarr;<\/span><\/a><\/p>\n","protected":false},"author":1,"featured_media":0,"comment_status":"open","ping_status":"open","sticky":false,"template":"","format":"standard","meta":{"footnotes":""},"categories":[46],"tags":[102,100,101,99,42,98,10],"class_list":["post-704","post","type-post","status-publish","format-standard","hentry","category-ecrivain-du-charbon","tag-editions-ptit-louis","tag-gnomogramme","tag-hologramme","tag-lutins-en-vrai","tag-lutins-urbains","tag-petit-reporter-de-limaginaire","tag-renaud-marhic"],"_links":{"self":[{"href":"https:\/\/auteur-ecrivain.marhic.fr\/index.php\/wp-json\/wp\/v2\/posts\/704","targetHints":{"allow":["GET"]}}],"collection":[{"href":"https:\/\/auteur-ecrivain.marhic.fr\/index.php\/wp-json\/wp\/v2\/posts"}],"about":[{"href":"https:\/\/auteur-ecrivain.marhic.fr\/index.php\/wp-json\/wp\/v2\/types\/post"}],"author":[{"embeddable":true,"href":"https:\/\/auteur-ecrivain.marhic.fr\/index.php\/wp-json\/wp\/v2\/users\/1"}],"replies":[{"embeddable":true,"href":"https:\/\/auteur-ecrivain.marhic.fr\/index.php\/wp-json\/wp\/v2\/comments?post=704"}],"version-history":[{"count":3,"href":"https:\/\/auteur-ecrivain.marhic.fr\/index.php\/wp-json\/wp\/v2\/posts\/704\/revisions"}],"predecessor-version":[{"id":708,"href":"https:\/\/auteur-ecrivain.marhic.fr\/index.php\/wp-json\/wp\/v2\/posts\/704\/revisions\/708"}],"wp:attachment":[{"href":"https:\/\/auteur-ecrivain.marhic.fr\/index.php\/wp-json\/wp\/v2\/media?parent=704"}],"wp:term":[{"taxonomy":"category","embeddable":true,"href":"https:\/\/auteur-ecrivain.marhic.fr\/index.php\/wp-json\/wp\/v2\/categories?post=704"},{"taxonomy":"post_tag","embeddable":true,"href":"https:\/\/auteur-ecrivain.marhic.fr\/index.php\/wp-json\/wp\/v2\/tags?post=704"}],"curies":[{"name":"wp","href":"https:\/\/api.w.org\/{rel}","templated":true}]}}