{"id":717,"date":"2019-12-17T14:20:17","date_gmt":"2019-12-17T13:20:17","guid":{"rendered":"http:\/\/auteur-ecrivain.marhic.fr\/?p=717"},"modified":"2021-01-01T14:25:21","modified_gmt":"2021-01-01T13:25:21","slug":"manifester-3","status":"publish","type":"post","link":"https:\/\/auteur-ecrivain.marhic.fr\/index.php\/2019\/12\/17\/manifester-3\/","title":{"rendered":"Manifester (3)"},"content":{"rendered":"<p><strong>M<\/strong>anifester \u2013 \u00e0 deux, cette fois \u2013 parmi 12 000.<\/p>\n<p>Pour pr\u00e9server cette retraite qui, \u00e0 soi-m\u00eame, restera quoi qu&rsquo;il advienne interdite.<\/p>\n<p>Rideau l&rsquo;artiste !<\/p>\n<p>(Mais savoir de quoi l\u2019int\u00e9r\u00eat g\u00e9n\u00e9ral plac\u00e9 avant son int\u00e9r\u00eat propre est le nom.)<\/p>\n<p><img loading=\"lazy\" decoding=\"async\" class=\"size-medium wp-image-718 aligncenter\" src=\"http:\/\/auteur-ecrivain.marhic.fr\/wp-content\/uploads\/2021\/01\/art_en_greve-300x300.jpg\" alt=\"Manofester (3)\" width=\"300\" height=\"300\" srcset=\"https:\/\/auteur-ecrivain.marhic.fr\/wp-content\/uploads\/2021\/01\/art_en_greve-300x300.jpg 300w, https:\/\/auteur-ecrivain.marhic.fr\/wp-content\/uploads\/2021\/01\/art_en_greve-150x150.jpg 150w, https:\/\/auteur-ecrivain.marhic.fr\/wp-content\/uploads\/2021\/01\/art_en_greve-768x768.jpg 768w, https:\/\/auteur-ecrivain.marhic.fr\/wp-content\/uploads\/2021\/01\/art_en_greve-1024x1024.jpg 1024w, https:\/\/auteur-ecrivain.marhic.fr\/wp-content\/uploads\/2021\/01\/art_en_greve.jpg 1080w\" sizes=\"auto, (max-width: 300px) 100vw, 300px\" \/><\/p>\n","protected":false},"excerpt":{"rendered":"<p>Manifester \u2013 \u00e0 deux, cette fois \u2013 parmi 12 000. Pour pr\u00e9server cette retraite qui, \u00e0 soi-m\u00eame, restera quoi qu&rsquo;il advienne interdite. Rideau l&rsquo;artiste ! (Mais savoir de quoi l\u2019int\u00e9r\u00eat g\u00e9n\u00e9ral plac\u00e9 avant son int\u00e9r\u00eat propre est le nom.)<\/p>\n","protected":false},"author":1,"featured_media":0,"comment_status":"open","ping_status":"open","sticky":false,"template":"","format":"standard","meta":{"footnotes":""},"categories":[6],"tags":[105,103,10,104],"class_list":["post-717","post","type-post","status-publish","format-standard","hentry","category-de-la-main-gauche","tag-art-en-greve","tag-reforme-des-retraites","tag-renaud-marhic","tag-republique"],"_links":{"self":[{"href":"https:\/\/auteur-ecrivain.marhic.fr\/index.php\/wp-json\/wp\/v2\/posts\/717","targetHints":{"allow":["GET"]}}],"collection":[{"href":"https:\/\/auteur-ecrivain.marhic.fr\/index.php\/wp-json\/wp\/v2\/posts"}],"about":[{"href":"https:\/\/auteur-ecrivain.marhic.fr\/index.php\/wp-json\/wp\/v2\/types\/post"}],"author":[{"embeddable":true,"href":"https:\/\/auteur-ecrivain.marhic.fr\/index.php\/wp-json\/wp\/v2\/users\/1"}],"replies":[{"embeddable":true,"href":"https:\/\/auteur-ecrivain.marhic.fr\/index.php\/wp-json\/wp\/v2\/comments?post=717"}],"version-history":[{"count":1,"href":"https:\/\/auteur-ecrivain.marhic.fr\/index.php\/wp-json\/wp\/v2\/posts\/717\/revisions"}],"predecessor-version":[{"id":719,"href":"https:\/\/auteur-ecrivain.marhic.fr\/index.php\/wp-json\/wp\/v2\/posts\/717\/revisions\/719"}],"wp:attachment":[{"href":"https:\/\/auteur-ecrivain.marhic.fr\/index.php\/wp-json\/wp\/v2\/media?parent=717"}],"wp:term":[{"taxonomy":"category","embeddable":true,"href":"https:\/\/auteur-ecrivain.marhic.fr\/index.php\/wp-json\/wp\/v2\/categories?post=717"},{"taxonomy":"post_tag","embeddable":true,"href":"https:\/\/auteur-ecrivain.marhic.fr\/index.php\/wp-json\/wp\/v2\/tags?post=717"}],"curies":[{"name":"wp","href":"https:\/\/api.w.org\/{rel}","templated":true}]}}